{"id":977,"date":"2016-02-26T14:44:10","date_gmt":"2016-02-26T13:44:10","guid":{"rendered":"https:\/\/www.responsablia.com\/?p=977"},"modified":"2016-02-26T14:45:49","modified_gmt":"2016-02-26T13:45:49","slug":"empresa-i-letica-ii-compromis-public-necessari","status":"publish","type":"post","link":"https:\/\/www.responsablia.com\/ca\/empresa-i-letica-ii-compromis-public-necessari\/","title":{"rendered":"Empresa i l&#8217;\u00e8tica (II): comprom\u00eds p\u00fablic necessari"},"content":{"rendered":"<p><a href=\"https:\/\/www.responsablia.com\/wp-content\/uploads\/2016\/02\/n8_Editorial_gener-2016.jpg\"><img loading=\"lazy\" class=\"aligncenter wp-image-979\" src=\"https:\/\/www.responsablia.com\/wp-content\/uploads\/2016\/02\/n8_Editorial_gener-2016.jpg\" alt=\"Comprom\u00eds public: valor - contribuci\u00f3\" width=\"528\" height=\"396\" srcset=\"https:\/\/www.responsablia.com\/wp-content\/uploads\/2016\/02\/n8_Editorial_gener-2016.jpg 960w, https:\/\/www.responsablia.com\/wp-content\/uploads\/2016\/02\/n8_Editorial_gener-2016-300x225.jpg 300w, https:\/\/www.responsablia.com\/wp-content\/uploads\/2016\/02\/n8_Editorial_gener-2016-600x450.jpg 600w\" sizes=\"(max-width: 528px) 100vw, 528px\" \/><\/a><\/p>\n<p><span style=\"font-weight: 400;\">Aquest \u00e9s el segon i \u00faltim article en el que s\u2019aborda la tem\u00e0tica relativa a &#8220;<\/span><b>L\u2019empresa i l\u2019\u00e8tica<\/b><span style=\"font-weight: 400;\">&#8220;.<\/span><\/p>\n<p><span style=\"font-weight: 400;\">En l&#8217;article anterior es va tractar a aquesta tem\u00e0tica des del punt de vista intern de l&#8217;empresa, com a pedra angular sobre la qual es sustenta <\/span><span style=\"font-weight: 400;\">la generaci\u00f3 d&#8217;una nova cultura empresarial<\/span><span style=\"font-weight: 400;\">.<\/span><\/p>\n<p><span style=\"font-weight: 400;\">Es va arribar a la conclusi\u00f3 de que, per a construir una cultura empresarial s\u2019ha d\u2019aplicar la deontologia, desenvolupada sota una formalitzaci\u00f3 d&#8217;un codi d&#8217;\u00e8tic i\/o de conducta. Finalment, es van proposar una s\u00e8rie de recomanacions per dur a terme aquesta tasca amb \u00e8xit, aparentment senzilla, per\u00f2 que per la seva rellev\u00e0ncia no ho \u00e9s en absolut.<\/span><\/p>\n<p><span style=\"font-weight: 400;\">En el present article es tracta la tem\u00e0tica <\/span><b>de l&#8217;empresa i l&#8217;\u00e8tica des del punt de vista extern de l&#8217;empresa<\/b><span style=\"font-weight: 400;\">, entesa com la relaci\u00f3 del comprom\u00eds global que l&#8217;empresa declara els seus grups d&#8217;inter\u00e8s. Hi ha dues q\u00fcestions que l&#8217;empresa, a l\u2019hora de plantejar-se aquest comprom\u00eds, ha de plantejar-se. La doble q\u00fcesti\u00f3 planteja un doble comprom\u00eds respecte als valors i respecta a la contribucio de l&#8217;empresa en relaci\u00f3 amb els seus grups d\u2019inter\u00e9s.<\/span><\/p>\n<p><span style=\"font-weight: 400;\">Per tant, <\/span><b>el comprom\u00eds p\u00fablic necessari<\/b><span style=\"font-weight: 400;\"> ha d\u2019abordar els seg\u00fcents apartats:<\/span><\/p>\n<ul>\n<li style=\"font-weight: 400;\"><b>Els valors<\/b><span style=\"font-weight: 400;\"> \u00a0amb els quals l\u2019empresa desenvolupar\u00e0 la seva estrat\u00e8gia, gesti\u00f3 i operativa.<\/span><\/li>\n<li style=\"font-weight: 400;\"><b>La contribuci\u00f3<\/b><span style=\"font-weight: 400;\"> en mat\u00e8ria social, mediambiental, \u00e8tica, laboral i de Drets Humans.<\/span><\/li>\n<\/ul>\n<p><b>El comprom\u00eds respecte als valors que l&#8217;empresa assumeix<\/b><span style=\"font-weight: 400;\"> han d&#8217;incloure, almenys, aquests apartats, els quals han de tenir en compte els valors en el moment de la seva definici\u00f3:<\/span><\/p>\n<ul>\n<li style=\"font-weight: 400;\"><span style=\"font-weight: 400;\">Criteris d&#8217;adopci\u00f3 de la presa de decisions de l&#8217;Alta Direcci\u00f3, segons la seva visi\u00f3 i missi\u00f3.<\/span><\/li>\n<li style=\"font-weight: 400;\"><span style=\"font-weight: 400;\">Criteris de contractaci\u00f3 (persones, socis, subcontratas, prove\u00efdors, etc.).<\/span><\/li>\n<li style=\"font-weight: 400;\"><span style=\"font-weight: 400;\">Criteris de compliment dels valors que ha assumit tota l&#8217;organitzaci\u00f3.<\/span><\/li>\n<li style=\"font-weight: 400;\"><span style=\"font-weight: 400;\">Criteris de planificaci\u00f3 de la formaci\u00f3 i la sensibilitzaci\u00f3, alineats amb els valors.<\/span><\/li>\n<li style=\"font-weight: 400;\"><span style=\"font-weight: 400;\">Criteris de resoluci\u00f3 de conflictes propis i amb tercers, a partir de la mediaci\u00f3.<\/span><\/li>\n<\/ul>\n<p><b>El comprom\u00eds respecte a la contribuci\u00f3 de l\u2019empresa<\/b><span style=\"font-weight: 400;\"> ha d&#8217;incloure, almenys, aquests apartats:<\/span><\/p>\n<ul>\n<li style=\"font-weight: 400;\"><span style=\"font-weight: 400;\">Criteris de contribuci\u00f3 de l\u2019empresa d\u2019\u00edndole social.<\/span><\/li>\n<li style=\"font-weight: 400;\"><span style=\"font-weight: 400;\">Criteris de contribuci\u00f3 de l\u2019empresa d\u2019\u00edndole mediambiental.<\/span><\/li>\n<li style=\"font-weight: 400;\"><span style=\"font-weight: 400;\">Criteris de contribuci\u00f3 de l\u2019empresa d\u2019\u00edndole \u00e8tic, de transpar\u00e8ncia i de report.<\/span><\/li>\n<li style=\"font-weight: 400;\"><span style=\"font-weight: 400;\">Criteris de contribuci\u00f3 de l\u2019empresa d\u2019\u00edndole laboral.<\/span><\/li>\n<li style=\"font-weight: 400;\"><span style=\"font-weight: 400;\">Criteris de contribuci\u00f3 de l\u2019empresa de respecte als Drets Humans.<\/span><\/li>\n<\/ul>\n<p><span style=\"font-weight: 400;\">Tots els criteris han de ser procedimentats, validats, comunicats i coneguts pels grups d&#8217;inter\u00e8s afectats pels mateixos. <\/span><span style=\"font-weight: 400;\">El grau de compliment dels criteris implicar\u00e0 el grau de reputaci\u00f3 corporativa i d\u2019imatge de marca que l&#8217;organitzaci\u00f3 projecta a l&#8217;exterior<\/span><span style=\"font-weight: 400;\">.<\/span><\/p>\n<p><span style=\"font-weight: 400;\">Cal afegir que l&#8217;entorn i el medi natural s\u00f3n canviants, per la qual cosa els criteris que composen el comprom\u00eds que l\u2019empresa ha declarat han de ser revisats anualment, a partir de l&#8217;actualitzaci\u00f3 permanent relativa a tend\u00e8ncies, rols, tecnologies, innovacions i relacions amb les parts interessades.<\/span><\/p>\n<p><span style=\"font-weight: 400;\">Des de <\/span><i><span style=\"font-weight: 400;\">Responsablia<\/span><\/i><span style=\"font-weight: 400;\">, com consultoria especialitzada en mat\u00e8ria de RSE, ajudem les empreses a implementar el seu comprom\u00eds p\u00fablic necessari, que completar\u00e0 la seva cultura corporativa.<\/span><\/p>\n","protected":false},"excerpt":{"rendered":"<p>En el present article es tracta la tem\u00e0tica de l&#8217;empresa i l&#8217;\u00e8tica des del punt de vista extern de l&#8217;empresa, entesa com la relaci\u00f3 del comprom\u00eds global que l&#8217;empresa declara els seus grups d&#8217;inter\u00e8s<\/p>\n","protected":false},"author":1,"featured_media":0,"comment_status":"open","ping_status":"open","sticky":false,"template":"","format":"standard","meta":[],"categories":[45],"tags":[],"_links":{"self":[{"href":"https:\/\/www.responsablia.com\/ca\/wp-json\/wp\/v2\/posts\/977"}],"collection":[{"href":"https:\/\/www.responsablia.com\/ca\/wp-json\/wp\/v2\/posts"}],"about":[{"href":"https:\/\/www.responsablia.com\/ca\/wp-json\/wp\/v2\/types\/post"}],"author":[{"embeddable":true,"href":"https:\/\/www.responsablia.com\/ca\/wp-json\/wp\/v2\/users\/1"}],"replies":[{"embeddable":true,"href":"https:\/\/www.responsablia.com\/ca\/wp-json\/wp\/v2\/comments?post=977"}],"version-history":[{"count":3,"href":"https:\/\/www.responsablia.com\/ca\/wp-json\/wp\/v2\/posts\/977\/revisions"}],"predecessor-version":[{"id":981,"href":"https:\/\/www.responsablia.com\/ca\/wp-json\/wp\/v2\/posts\/977\/revisions\/981"}],"wp:attachment":[{"href":"https:\/\/www.responsablia.com\/ca\/wp-json\/wp\/v2\/media?parent=977"}],"wp:term":[{"taxonomy":"category","embeddable":true,"href":"https:\/\/www.responsablia.com\/ca\/wp-json\/wp\/v2\/categories?post=977"},{"taxonomy":"post_tag","embeddable":true,"href":"https:\/\/www.responsablia.com\/ca\/wp-json\/wp\/v2\/tags?post=977"}],"curies":[{"name":"wp","href":"https:\/\/api.w.org\/{rel}","templated":true}]}}